{"id":19566,"date":"2020-05-22T14:02:07","date_gmt":"2020-05-22T14:02:07","guid":{"rendered":"http:\/\/ebsv.edu.azores.gov.pt\/wordpress\/?p=19566"},"modified":"2020-05-22T14:02:07","modified_gmt":"2020-05-22T14:02:07","slug":"termo-do-ano-letivo-2019-2020","status":"publish","type":"post","link":"https:\/\/ebsv.edu.azores.gov.pt\/?p=19566","title":{"rendered":"Termo do ano letivo 2019\/2020"},"content":{"rendered":"<p>De acordo com a Portaria n.\u00ba 59\/2020 de 18 de maio de 2020, o termo do ano letivo 2019\/2020, para os estabelecimentos da educa\u00e7\u00e3o pr\u00e9 escolar e dos ensinos b\u00e1sico e secund\u00e1rio da rede p\u00fablica do sistema educativo foi novamente alterado passando a ser o<br \/>\nseguinte:<br \/>\n<strong>1.\u00ba ciclo do ensino b\u00e1sio e educa\u00e7\u00e3o pr\u00e9-escolar<\/strong> \u2013 19 de junho de 2020;<\/p>\n<p><strong>2.\u00ba e 3.\u00ba ciclos do ensino b\u00e1sico e 10.\u00ba ano do ensino secund\u00e1rio<\/strong> \u2013 9 de junho de 2020;<\/p>\n<div class=\"text_exposed_show\">\n<p><strong>11.\u00ba e 12.\u00ba anos do ensino secund\u00e1rio<\/strong> \u2013 26 de junho de 2020.<\/p>\n<\/div>\n","protected":false},"excerpt":{"rendered":"<p>De acordo com a Portaria n.\u00ba 59\/2020 de 18 de maio de 2020, o termo do ano letivo 2019\/2020, para os estabelecimentos da educa\u00e7\u00e3o pr\u00e9 escolar e dos ensinos b\u00e1sico e secund\u00e1rio da rede p\u00fablica do sistema educativo foi novamente alterado passando a ser o seguinte: 1.\u00ba ciclo do ensino b\u00e1sio e educa\u00e7\u00e3o pr\u00e9-escolar \u2013<\/p><\/div>\n<div class=\"blog-btn\"><a href=\"https:\/\/ebsv.edu.azores.gov.pt\/?p=19566\" class=\"home-blog-btn\">Ler mais<\/a><\/p>\n","protected":false},"author":3,"featured_media":0,"comment_status":"closed","ping_status":"closed","sticky":false,"template":"","format":"standard","meta":{"_mi_skip_tracking":false,"_monsterinsights_sitenote_active":false,"_monsterinsights_sitenote_note":"","_monsterinsights_sitenote_category":0,"footnotes":""},"categories":[5],"tags":[],"class_list":["post-19566","post","type-post","status-publish","format-standard","hentry","category-atividades"],"acf":[],"_links":{"self":[{"href":"https:\/\/ebsv.edu.azores.gov.pt\/index.php?rest_route=\/wp\/v2\/posts\/19566","targetHints":{"allow":["GET"]}}],"collection":[{"href":"https:\/\/ebsv.edu.azores.gov.pt\/index.php?rest_route=\/wp\/v2\/posts"}],"about":[{"href":"https:\/\/ebsv.edu.azores.gov.pt\/index.php?rest_route=\/wp\/v2\/types\/post"}],"author":[{"embeddable":true,"href":"https:\/\/ebsv.edu.azores.gov.pt\/index.php?rest_route=\/wp\/v2\/users\/3"}],"replies":[{"embeddable":true,"href":"https:\/\/ebsv.edu.azores.gov.pt\/index.php?rest_route=%2Fwp%2Fv2%2Fcomments&post=19566"}],"version-history":[{"count":0,"href":"https:\/\/ebsv.edu.azores.gov.pt\/index.php?rest_route=\/wp\/v2\/posts\/19566\/revisions"}],"wp:attachment":[{"href":"https:\/\/ebsv.edu.azores.gov.pt\/index.php?rest_route=%2Fwp%2Fv2%2Fmedia&parent=19566"}],"wp:term":[{"taxonomy":"category","embeddable":true,"href":"https:\/\/ebsv.edu.azores.gov.pt\/index.php?rest_route=%2Fwp%2Fv2%2Fcategories&post=19566"},{"taxonomy":"post_tag","embeddable":true,"href":"https:\/\/ebsv.edu.azores.gov.pt\/index.php?rest_route=%2Fwp%2Fv2%2Ftags&post=19566"}],"curies":[{"name":"wp","href":"https:\/\/api.w.org\/{rel}","templated":true}]}}