{"id":22131,"date":"2021-03-10T11:55:18","date_gmt":"2021-03-10T11:55:18","guid":{"rendered":"http:\/\/ebsv.edu.azores.gov.pt\/wordpress\/?p=22131"},"modified":"2021-03-10T11:55:18","modified_gmt":"2021-03-10T11:55:18","slug":"informacao-4","status":"publish","type":"post","link":"https:\/\/ebsv.edu.azores.gov.pt\/?p=22131","title":{"rendered":"Informa\u00e7\u00e3o"},"content":{"rendered":"\n<p>O Conselho Administrativo da EBS das Velas informa toda a<br> comunidade escolar, que procedeu a altera\u00e7\u00e3o de pre\u00e7os de venda dos  produtos do bufete para o ano 2021, altera\u00e7\u00e3o essa efetuada ap\u00f3s conclus\u00e3o do Concurso P\u00fablico n\u00ba 1\/2020\/EBSV para fornecimento de  produtos para o Refeit\u00f3rio e Bufete Escolar.<\/p>\n\n\n\n<p>Comunicado oficial.<\/p>\n","protected":false},"excerpt":{"rendered":"<p>O Conselho Administrativo da EBS das Velas informa toda a comunidade escolar, que procedeu a altera\u00e7\u00e3o de pre\u00e7os de venda dos produtos do bufete para o ano 2021, altera\u00e7\u00e3o essa efetuada ap\u00f3s conclus\u00e3o do Concurso P\u00fablico n\u00ba 1\/2020\/EBSV para fornecimento de produtos para o Refeit\u00f3rio e Bufete Escolar. Comunicado oficial.<\/p>\n","protected":false},"author":3,"featured_media":0,"comment_status":"closed","ping_status":"closed","sticky":false,"template":"","format":"standard","meta":{"_mi_skip_tracking":false,"_monsterinsights_sitenote_active":false,"_monsterinsights_sitenote_note":"","_monsterinsights_sitenote_category":0,"footnotes":""},"categories":[9],"tags":[],"class_list":["post-22131","post","type-post","status-publish","format-standard","hentry","category-informacoes-gerais-escola"],"acf":[],"_links":{"self":[{"href":"https:\/\/ebsv.edu.azores.gov.pt\/index.php?rest_route=\/wp\/v2\/posts\/22131","targetHints":{"allow":["GET"]}}],"collection":[{"href":"https:\/\/ebsv.edu.azores.gov.pt\/index.php?rest_route=\/wp\/v2\/posts"}],"about":[{"href":"https:\/\/ebsv.edu.azores.gov.pt\/index.php?rest_route=\/wp\/v2\/types\/post"}],"author":[{"embeddable":true,"href":"https:\/\/ebsv.edu.azores.gov.pt\/index.php?rest_route=\/wp\/v2\/users\/3"}],"replies":[{"embeddable":true,"href":"https:\/\/ebsv.edu.azores.gov.pt\/index.php?rest_route=%2Fwp%2Fv2%2Fcomments&post=22131"}],"version-history":[{"count":0,"href":"https:\/\/ebsv.edu.azores.gov.pt\/index.php?rest_route=\/wp\/v2\/posts\/22131\/revisions"}],"wp:attachment":[{"href":"https:\/\/ebsv.edu.azores.gov.pt\/index.php?rest_route=%2Fwp%2Fv2%2Fmedia&parent=22131"}],"wp:term":[{"taxonomy":"category","embeddable":true,"href":"https:\/\/ebsv.edu.azores.gov.pt\/index.php?rest_route=%2Fwp%2Fv2%2Fcategories&post=22131"},{"taxonomy":"post_tag","embeddable":true,"href":"https:\/\/ebsv.edu.azores.gov.pt\/index.php?rest_route=%2Fwp%2Fv2%2Ftags&post=22131"}],"curies":[{"name":"wp","href":"https:\/\/api.w.org\/{rel}","templated":true}]}}