{"id":22741,"date":"2021-06-09T11:49:26","date_gmt":"2021-06-09T11:49:26","guid":{"rendered":"http:\/\/ebsv.edu.azores.gov.pt\/wordpress\/?p=22741"},"modified":"2021-06-09T11:49:26","modified_gmt":"2021-06-09T11:49:26","slug":"informacao-vacinacao-covid-19","status":"publish","type":"post","link":"https:\/\/ebsv.edu.azores.gov.pt\/?p=22741","title":{"rendered":"Informa\u00e7\u00e3o &#8211; Vacina\u00e7\u00e3o COVID-19"},"content":{"rendered":"\n<p>Informa-se toda a comunidade escolar que nos dias 11 (a partir das 14h), 14 e 15 de junho poder\u00e3o ocorrer alguns constrangimentos associados \u00e0 utiliza\u00e7\u00e3o das instala\u00e7\u00f5es desportivas da nossa escola, no processo de vacina\u00e7\u00e3o contra a COVID-19. <\/p>\n\n\n\n<p>Assim, pede-se a compreens\u00e3o de todos para as eventuais altera\u00e7\u00f5es associadas ao processo. <\/p>\n","protected":false},"excerpt":{"rendered":"<p>Informa-se toda a comunidade escolar que nos dias 11 (a partir das 14h), 14 e 15 de junho poder\u00e3o ocorrer alguns constrangimentos associados \u00e0 utiliza\u00e7\u00e3o das instala\u00e7\u00f5es desportivas da nossa escola, no processo de vacina\u00e7\u00e3o contra a COVID-19. Assim, pede-se a compreens\u00e3o de todos para as eventuais altera\u00e7\u00f5es associadas ao processo.<\/p>\n","protected":false},"author":3,"featured_media":0,"comment_status":"closed","ping_status":"closed","sticky":false,"template":"","format":"standard","meta":{"_mi_skip_tracking":false,"_monsterinsights_sitenote_active":false,"_monsterinsights_sitenote_note":"","_monsterinsights_sitenote_category":0,"footnotes":""},"categories":[6,9],"tags":[],"class_list":["post-22741","post","type-post","status-publish","format-standard","hentry","category-covid-19","category-informacoes-gerais-escola"],"acf":[],"_links":{"self":[{"href":"https:\/\/ebsv.edu.azores.gov.pt\/index.php?rest_route=\/wp\/v2\/posts\/22741","targetHints":{"allow":["GET"]}}],"collection":[{"href":"https:\/\/ebsv.edu.azores.gov.pt\/index.php?rest_route=\/wp\/v2\/posts"}],"about":[{"href":"https:\/\/ebsv.edu.azores.gov.pt\/index.php?rest_route=\/wp\/v2\/types\/post"}],"author":[{"embeddable":true,"href":"https:\/\/ebsv.edu.azores.gov.pt\/index.php?rest_route=\/wp\/v2\/users\/3"}],"replies":[{"embeddable":true,"href":"https:\/\/ebsv.edu.azores.gov.pt\/index.php?rest_route=%2Fwp%2Fv2%2Fcomments&post=22741"}],"version-history":[{"count":0,"href":"https:\/\/ebsv.edu.azores.gov.pt\/index.php?rest_route=\/wp\/v2\/posts\/22741\/revisions"}],"wp:attachment":[{"href":"https:\/\/ebsv.edu.azores.gov.pt\/index.php?rest_route=%2Fwp%2Fv2%2Fmedia&parent=22741"}],"wp:term":[{"taxonomy":"category","embeddable":true,"href":"https:\/\/ebsv.edu.azores.gov.pt\/index.php?rest_route=%2Fwp%2Fv2%2Fcategories&post=22741"},{"taxonomy":"post_tag","embeddable":true,"href":"https:\/\/ebsv.edu.azores.gov.pt\/index.php?rest_route=%2Fwp%2Fv2%2Ftags&post=22741"}],"curies":[{"name":"wp","href":"https:\/\/api.w.org\/{rel}","templated":true}]}}