{"id":29602,"date":"2023-05-12T10:57:23","date_gmt":"2023-05-12T10:57:23","guid":{"rendered":"https:\/\/ebsv.edu.azores.gov.pt\/?p=29602"},"modified":"2023-05-12T10:57:23","modified_gmt":"2023-05-12T10:57:23","slug":"dia-do-pensamento-computacional","status":"publish","type":"post","link":"https:\/\/ebsv.edu.azores.gov.pt\/?p=29602","title":{"rendered":"DIA DO PENSAMENTO COMPUTACIONAL"},"content":{"rendered":"<p>Decorreu no dia 11 de maio de 2023 o Dia do Pensamento Computacional, que foi assinalado na EBS de Velas com a divulga\u00e7\u00e3o e amostragem, aos alunos do 1\u00ba Ciclo do Ensino B\u00e1sico, de v\u00e1rios materiais e jogos.<br \/>\nO projeto est\u00e1 a ser implementado em v\u00e1rias Unidades Org\u00e2nicas da Regi\u00e3o Aut\u00f3noma dos A\u00e7ores e pressup\u00f5e o desenvolvimento, de forma transdisciplinar, de pr\u00e1ticas como a abstra\u00e7\u00e3o, a decomposi\u00e7\u00e3o, o reconhecimento de padr\u00f5es, a an\u00e1lise e defini\u00e7\u00e3o de algoritmos, e o desenvolvimento de h\u00e1bitos de depura\u00e7\u00e3o e otimiza\u00e7\u00e3o de processos, transversais a v\u00e1rias \u00e1reas do conhecimento, como as STEAM (Ci\u00eancias, Tecnologia, Engenharia, Arte e Matem\u00e1tica), que dotam os alunos de ferramentas que lhes permitem resolver problemas associados \u00e0 criatividade, comunica\u00e7\u00e3o, verbaliza\u00e7\u00e3o de ideias e conceitos, num mundo fortemente digital, no qual o ensino da inform\u00e1tica deve fazer parte dos programas curriculares logo nos primeiros anos de escolaridade.<\/p>\n\n\t\t<style type=\"text\/css\">\n\t\t\t#gallery-1 {\n\t\t\t\tmargin: auto;\n\t\t\t}\n\t\t\t#gallery-1 .gallery-item {\n\t\t\t\tfloat: left;\n\t\t\t\tmargin-top: 10px;\n\t\t\t\ttext-align: center;\n\t\t\t\twidth: 33%;\n\t\t\t}\n\t\t\t#gallery-1 img {\n\t\t\t\tborder: 2px solid #cfcfcf;\n\t\t\t}\n\t\t\t#gallery-1 .gallery-caption {\n\t\t\t\tmargin-left: 0;\n\t\t\t}\n\t\t\t\/* see gallery_shortcode() in wp-includes\/media.php *\/\n\t\t<\/style>\n\t\t<div id='gallery-1' class='gallery galleryid-29602 gallery-columns-3 gallery-size-thumbnail'><dl class='gallery-item'>\n\t\t\t<dt class='gallery-icon landscape'>\n\t\t\t\t<a href='https:\/\/ebsv.edu.azores.gov.pt\/?attachment_id=29607'><img loading=\"lazy\" decoding=\"async\" width=\"150\" height=\"150\" src=\"https:\/\/ebsv.edu.azores.gov.pt\/wp-content\/uploads\/2023\/05\/344431291_1194648224548931_7377906326135686625_n-1-150x150.jpg\" class=\"attachment-thumbnail size-thumbnail\" alt=\"\" \/><\/a>\n\t\t\t<\/dt><\/dl><dl class='gallery-item'>\n\t\t\t<dt class='gallery-icon landscape'>\n\t\t\t\t<a href='https:\/\/ebsv.edu.azores.gov.pt\/?attachment_id=29608'><img loading=\"lazy\" decoding=\"async\" width=\"150\" height=\"150\" src=\"https:\/\/ebsv.edu.azores.gov.pt\/wp-content\/uploads\/2023\/05\/344480763_183586647964597_1010468582974035179_n-1-150x150.jpg\" class=\"attachment-thumbnail size-thumbnail\" alt=\"\" \/><\/a>\n\t\t\t<\/dt><\/dl><dl class='gallery-item'>\n\t\t\t<dt class='gallery-icon landscape'>\n\t\t\t\t<a href='https:\/\/ebsv.edu.azores.gov.pt\/?attachment_id=29606'><img loading=\"lazy\" decoding=\"async\" width=\"150\" height=\"150\" src=\"https:\/\/ebsv.edu.azores.gov.pt\/wp-content\/uploads\/2023\/05\/344431282_203674682478754_1325520959222340320_n-1-150x150.jpg\" class=\"attachment-thumbnail size-thumbnail\" alt=\"\" \/><\/a>\n\t\t\t<\/dt><\/dl><br style=\"clear: both\" \/><dl class='gallery-item'>\n\t\t\t<dt class='gallery-icon landscape'>\n\t\t\t\t<a href='https:\/\/ebsv.edu.azores.gov.pt\/?attachment_id=29605'><img loading=\"lazy\" decoding=\"async\" width=\"150\" height=\"150\" src=\"https:\/\/ebsv.edu.azores.gov.pt\/wp-content\/uploads\/2023\/05\/344405811_770678617779040_7510809134742821966_n-1-150x150.jpg\" class=\"attachment-thumbnail size-thumbnail\" alt=\"\" \/><\/a>\n\t\t\t<\/dt><\/dl><dl class='gallery-item'>\n\t\t\t<dt class='gallery-icon portrait'>\n\t\t\t\t<a href='https:\/\/ebsv.edu.azores.gov.pt\/?attachment_id=29604'><img loading=\"lazy\" decoding=\"async\" width=\"150\" height=\"150\" src=\"https:\/\/ebsv.edu.azores.gov.pt\/wp-content\/uploads\/2023\/05\/344401812_750999143331071_3016604152640501662_n-1-150x150.jpg\" class=\"attachment-thumbnail size-thumbnail\" alt=\"\" \/><\/a>\n\t\t\t<\/dt><\/dl>\n\t\t\t<br style='clear: both' \/>\n\t\t<\/div>\n\n","protected":false},"excerpt":{"rendered":"<p>Decorreu no dia 11 de maio de 2023 o Dia do Pensamento Computacional, que foi assinalado na EBS de Velas com a divulga\u00e7\u00e3o e amostragem, aos alunos do 1\u00ba Ciclo do Ensino B\u00e1sico, de v\u00e1rios materiais e jogos. O projeto est\u00e1 a ser implementado em v\u00e1rias Unidades Org\u00e2nicas da Regi\u00e3o Aut\u00f3noma dos A\u00e7ores e pressup\u00f5e<\/p><\/div>\n<div class=\"blog-btn\"><a href=\"https:\/\/ebsv.edu.azores.gov.pt\/?p=29602\" class=\"home-blog-btn\">Ler mais<\/a><\/p>\n","protected":false},"author":4,"featured_media":29609,"comment_status":"open","ping_status":"open","sticky":false,"template":"","format":"standard","meta":{"_mi_skip_tracking":false,"_monsterinsights_sitenote_active":false,"_monsterinsights_sitenote_note":"","_monsterinsights_sitenote_category":0,"footnotes":""},"categories":[1],"tags":[],"class_list":["post-29602","post","type-post","status-publish","format-standard","has-post-thumbnail","hentry","category-sem-categoria"],"acf":[],"_links":{"self":[{"href":"https:\/\/ebsv.edu.azores.gov.pt\/index.php?rest_route=\/wp\/v2\/posts\/29602","targetHints":{"allow":["GET"]}}],"collection":[{"href":"https:\/\/ebsv.edu.azores.gov.pt\/index.php?rest_route=\/wp\/v2\/posts"}],"about":[{"href":"https:\/\/ebsv.edu.azores.gov.pt\/index.php?rest_route=\/wp\/v2\/types\/post"}],"author":[{"embeddable":true,"href":"https:\/\/ebsv.edu.azores.gov.pt\/index.php?rest_route=\/wp\/v2\/users\/4"}],"replies":[{"embeddable":true,"href":"https:\/\/ebsv.edu.azores.gov.pt\/index.php?rest_route=%2Fwp%2Fv2%2Fcomments&post=29602"}],"version-history":[{"count":0,"href":"https:\/\/ebsv.edu.azores.gov.pt\/index.php?rest_route=\/wp\/v2\/posts\/29602\/revisions"}],"wp:featuredmedia":[{"embeddable":true,"href":"https:\/\/ebsv.edu.azores.gov.pt\/index.php?rest_route=\/wp\/v2\/media\/29609"}],"wp:attachment":[{"href":"https:\/\/ebsv.edu.azores.gov.pt\/index.php?rest_route=%2Fwp%2Fv2%2Fmedia&parent=29602"}],"wp:term":[{"taxonomy":"category","embeddable":true,"href":"https:\/\/ebsv.edu.azores.gov.pt\/index.php?rest_route=%2Fwp%2Fv2%2Fcategories&post=29602"},{"taxonomy":"post_tag","embeddable":true,"href":"https:\/\/ebsv.edu.azores.gov.pt\/index.php?rest_route=%2Fwp%2Fv2%2Ftags&post=29602"}],"curies":[{"name":"wp","href":"https:\/\/api.w.org\/{rel}","templated":true}]}}