{"id":29898,"date":"2023-10-24T11:00:18","date_gmt":"2023-10-24T11:00:18","guid":{"rendered":"https:\/\/ebsv.edu.azores.gov.pt\/?p=29898"},"modified":"2023-10-24T11:00:18","modified_gmt":"2023-10-24T11:00:18","slug":"promover-habitos-de-alimentacao-saudavel-e-higiene-oral","status":"publish","type":"post","link":"https:\/\/ebsv.edu.azores.gov.pt\/?p=29898","title":{"rendered":"Promover h\u00e1bitos de alimenta\u00e7\u00e3o saud\u00e1vel e higiene oral"},"content":{"rendered":"<p>A equipa da Biblioteca da EBS de Velas encontrou parceiros para divulgar e promover h\u00e1bitos de alimenta\u00e7\u00e3o saud\u00e1vel e higiene oral. Durante a semana da alimenta\u00e7\u00e3o saud\u00e1vel e no M\u00eas Internacional das Bibliotecas Escolares, foram organizadas e dinamizadas, em colabora\u00e7\u00e3o com a equipa da Sa\u00fade Escolar, as docentes de Ci\u00eancias Naturais do 5\u00ba, 6\u00ba, 9\u00ba anos e do Programa Ocupacional, assim como assistentes da biblioteca, diversas atividades num trabalho interdisciplinar e inclusivo. Assim, cento e setenta alunos estiveram envolvidos em a\u00e7\u00f5es t\u00e3o diversas como dramatiza\u00e7\u00f5es, encontro com escritor, concurso de ementas saud\u00e1veis, cartazes promocionais e educa\u00e7\u00e3o liter\u00e1ria.<\/p>\n\n\t\t<style type=\"text\/css\">\n\t\t\t#gallery-1 {\n\t\t\t\tmargin: auto;\n\t\t\t}\n\t\t\t#gallery-1 .gallery-item {\n\t\t\t\tfloat: left;\n\t\t\t\tmargin-top: 10px;\n\t\t\t\ttext-align: center;\n\t\t\t\twidth: 33%;\n\t\t\t}\n\t\t\t#gallery-1 img {\n\t\t\t\tborder: 2px solid #cfcfcf;\n\t\t\t}\n\t\t\t#gallery-1 .gallery-caption {\n\t\t\t\tmargin-left: 0;\n\t\t\t}\n\t\t\t\/* see gallery_shortcode() in wp-includes\/media.php *\/\n\t\t<\/style>\n\t\t<div id='gallery-1' class='gallery galleryid-29898 gallery-columns-3 gallery-size-medium'><dl class='gallery-item'>\n\t\t\t<dt class='gallery-icon landscape'>\n\t\t\t\t<a href='https:\/\/ebsv.edu.azores.gov.pt\/?attachment_id=29901'><img loading=\"lazy\" decoding=\"async\" width=\"300\" height=\"180\" src=\"https:\/\/ebsv.edu.azores.gov.pt\/wp-content\/uploads\/2023\/10\/20231017_121550-1-300x180.jpg\" class=\"attachment-medium size-medium\" alt=\"\" srcset=\"https:\/\/ebsv.edu.azores.gov.pt\/wp-content\/uploads\/2023\/10\/20231017_121550-1-300x180.jpg 300w, https:\/\/ebsv.edu.azores.gov.pt\/wp-content\/uploads\/2023\/10\/20231017_121550-1-1024x614.jpg 1024w, https:\/\/ebsv.edu.azores.gov.pt\/wp-content\/uploads\/2023\/10\/20231017_121550-1-768x461.jpg 768w, https:\/\/ebsv.edu.azores.gov.pt\/wp-content\/uploads\/2023\/10\/20231017_121550-1-1536x922.jpg 1536w, https:\/\/ebsv.edu.azores.gov.pt\/wp-content\/uploads\/2023\/10\/20231017_121550-1-2048x1229.jpg 2048w\" sizes=\"auto, (max-width: 300px) 100vw, 300px\" \/><\/a>\n\t\t\t<\/dt><\/dl><dl class='gallery-item'>\n\t\t\t<dt class='gallery-icon landscape'>\n\t\t\t\t<a href='https:\/\/ebsv.edu.azores.gov.pt\/?attachment_id=29900'><img loading=\"lazy\" decoding=\"async\" width=\"300\" height=\"180\" src=\"https:\/\/ebsv.edu.azores.gov.pt\/wp-content\/uploads\/2023\/10\/20231018_105844-rotated-2-300x180.jpg\" class=\"attachment-medium size-medium\" alt=\"\" srcset=\"https:\/\/ebsv.edu.azores.gov.pt\/wp-content\/uploads\/2023\/10\/20231018_105844-rotated-2-300x180.jpg 300w, https:\/\/ebsv.edu.azores.gov.pt\/wp-content\/uploads\/2023\/10\/20231018_105844-rotated-2-1024x614.jpg 1024w, https:\/\/ebsv.edu.azores.gov.pt\/wp-content\/uploads\/2023\/10\/20231018_105844-rotated-2-768x461.jpg 768w, https:\/\/ebsv.edu.azores.gov.pt\/wp-content\/uploads\/2023\/10\/20231018_105844-rotated-2-1536x922.jpg 1536w, https:\/\/ebsv.edu.azores.gov.pt\/wp-content\/uploads\/2023\/10\/20231018_105844-rotated-2-2048x1229.jpg 2048w\" sizes=\"auto, (max-width: 300px) 100vw, 300px\" \/><\/a>\n\t\t\t<\/dt><\/dl><dl class='gallery-item'>\n\t\t\t<dt class='gallery-icon landscape'>\n\t\t\t\t<a href='https:\/\/ebsv.edu.azores.gov.pt\/?attachment_id=29899'><img loading=\"lazy\" decoding=\"async\" width=\"300\" height=\"180\" src=\"https:\/\/ebsv.edu.azores.gov.pt\/wp-content\/uploads\/2023\/10\/20231018_105917-rotated-2-300x180.jpg\" class=\"attachment-medium size-medium\" alt=\"\" srcset=\"https:\/\/ebsv.edu.azores.gov.pt\/wp-content\/uploads\/2023\/10\/20231018_105917-rotated-2-300x180.jpg 300w, https:\/\/ebsv.edu.azores.gov.pt\/wp-content\/uploads\/2023\/10\/20231018_105917-rotated-2-1024x614.jpg 1024w, https:\/\/ebsv.edu.azores.gov.pt\/wp-content\/uploads\/2023\/10\/20231018_105917-rotated-2-768x461.jpg 768w, https:\/\/ebsv.edu.azores.gov.pt\/wp-content\/uploads\/2023\/10\/20231018_105917-rotated-2-1536x922.jpg 1536w, https:\/\/ebsv.edu.azores.gov.pt\/wp-content\/uploads\/2023\/10\/20231018_105917-rotated-2-2048x1229.jpg 2048w\" sizes=\"auto, (max-width: 300px) 100vw, 300px\" \/><\/a>\n\t\t\t<\/dt><\/dl><br style=\"clear: both\" \/>\n\t\t<\/div>\n\n<p>&nbsp;<\/p>\n","protected":false},"excerpt":{"rendered":"<p>A equipa da Biblioteca da EBS de Velas encontrou parceiros para divulgar e promover h\u00e1bitos de alimenta\u00e7\u00e3o saud\u00e1vel e higiene oral. Durante a semana da alimenta\u00e7\u00e3o saud\u00e1vel e no M\u00eas Internacional das Bibliotecas Escolares, foram organizadas e dinamizadas, em colabora\u00e7\u00e3o com a equipa da Sa\u00fade Escolar, as docentes de Ci\u00eancias Naturais do 5\u00ba, 6\u00ba, 9\u00ba<\/p><\/div>\n<div class=\"blog-btn\"><a href=\"https:\/\/ebsv.edu.azores.gov.pt\/?p=29898\" class=\"home-blog-btn\">Ler mais<\/a><\/p>\n","protected":false},"author":4,"featured_media":29902,"comment_status":"open","ping_status":"open","sticky":false,"template":"","format":"standard","meta":{"_mi_skip_tracking":false,"_monsterinsights_sitenote_active":false,"_monsterinsights_sitenote_note":"","_monsterinsights_sitenote_category":0,"footnotes":""},"categories":[1],"tags":[],"class_list":["post-29898","post","type-post","status-publish","format-standard","has-post-thumbnail","hentry","category-sem-categoria"],"acf":[],"_links":{"self":[{"href":"https:\/\/ebsv.edu.azores.gov.pt\/index.php?rest_route=\/wp\/v2\/posts\/29898","targetHints":{"allow":["GET"]}}],"collection":[{"href":"https:\/\/ebsv.edu.azores.gov.pt\/index.php?rest_route=\/wp\/v2\/posts"}],"about":[{"href":"https:\/\/ebsv.edu.azores.gov.pt\/index.php?rest_route=\/wp\/v2\/types\/post"}],"author":[{"embeddable":true,"href":"https:\/\/ebsv.edu.azores.gov.pt\/index.php?rest_route=\/wp\/v2\/users\/4"}],"replies":[{"embeddable":true,"href":"https:\/\/ebsv.edu.azores.gov.pt\/index.php?rest_route=%2Fwp%2Fv2%2Fcomments&post=29898"}],"version-history":[{"count":0,"href":"https:\/\/ebsv.edu.azores.gov.pt\/index.php?rest_route=\/wp\/v2\/posts\/29898\/revisions"}],"wp:featuredmedia":[{"embeddable":true,"href":"https:\/\/ebsv.edu.azores.gov.pt\/index.php?rest_route=\/wp\/v2\/media\/29902"}],"wp:attachment":[{"href":"https:\/\/ebsv.edu.azores.gov.pt\/index.php?rest_route=%2Fwp%2Fv2%2Fmedia&parent=29898"}],"wp:term":[{"taxonomy":"category","embeddable":true,"href":"https:\/\/ebsv.edu.azores.gov.pt\/index.php?rest_route=%2Fwp%2Fv2%2Fcategories&post=29898"},{"taxonomy":"post_tag","embeddable":true,"href":"https:\/\/ebsv.edu.azores.gov.pt\/index.php?rest_route=%2Fwp%2Fv2%2Ftags&post=29898"}],"curies":[{"name":"wp","href":"https:\/\/api.w.org\/{rel}","templated":true}]}}