{"id":30967,"date":"2025-01-08T17:00:14","date_gmt":"2025-01-08T17:00:14","guid":{"rendered":"https:\/\/ebsv.edu.azores.gov.pt\/?p=30967"},"modified":"2025-01-08T17:00:14","modified_gmt":"2025-01-08T17:00:14","slug":"integracao-sensorial","status":"publish","type":"post","link":"https:\/\/ebsv.edu.azores.gov.pt\/?p=30967","title":{"rendered":"Integra\u00e7\u00e3o Sensorial"},"content":{"rendered":"<p>Integra\u00e7\u00e3o sensorial refere-se ao processo neurobiol\u00f3gico que organiza as informa\u00e7\u00f5es recebidas pelos sentidos, permitindo que o c\u00e9rebro interprete e responda adequadamente a est\u00edmulos do ambiente. Essa fun\u00e7\u00e3o \u00e9 vital para o desenvolvimento e a adapta\u00e7\u00e3o da crian\u00e7a \u00e0s situa\u00e7\u00f5es do quotidiano. A integra\u00e7\u00e3o sensorial \u00e9 crucial para o desempenho em todas as atividades di\u00e1rias, como aprender, socializar e realizar tarefas do dia-a-dia. Ela influencia o comportamento, a comunica\u00e7\u00e3o e a capacidade de se adaptar a diferentes ambientes, com um impacto direto nas aprendizagens acad\u00e9micas e na qualidade de vida.<\/p>\n<p>&nbsp;<\/p>\n<p><a href=\"https:\/\/ebsv-dev.edu.azores.gov.pt\/wp-content\/uploads\/2025\/02\/Panfleto-Informativo-Integracao-Sensorial-1-1.pdf\">Panfleto Informativo Integra\u00e7\u00e3o Sensorial <\/a><\/p>\n","protected":false},"excerpt":{"rendered":"<p>Integra\u00e7\u00e3o sensorial refere-se ao processo neurobiol\u00f3gico que organiza as informa\u00e7\u00f5es recebidas pelos sentidos, permitindo que o c\u00e9rebro interprete e responda adequadamente a est\u00edmulos do ambiente. Essa fun\u00e7\u00e3o \u00e9 vital para o desenvolvimento e a adapta\u00e7\u00e3o da crian\u00e7a \u00e0s situa\u00e7\u00f5es do quotidiano. A integra\u00e7\u00e3o sensorial \u00e9 crucial para o desempenho em todas as atividades di\u00e1rias, como<\/p><\/div>\n<div class=\"blog-btn\"><a href=\"https:\/\/ebsv.edu.azores.gov.pt\/?p=30967\" class=\"home-blog-btn\">Ler mais<\/a><\/p>\n","protected":false},"author":4,"featured_media":30966,"comment_status":"open","ping_status":"open","sticky":false,"template":"","format":"standard","meta":{"_mi_skip_tracking":false,"_monsterinsights_sitenote_active":false,"_monsterinsights_sitenote_note":"","_monsterinsights_sitenote_category":0,"footnotes":""},"categories":[1],"tags":[],"class_list":["post-30967","post","type-post","status-publish","format-standard","has-post-thumbnail","hentry","category-sem-categoria"],"acf":[],"_links":{"self":[{"href":"https:\/\/ebsv.edu.azores.gov.pt\/index.php?rest_route=\/wp\/v2\/posts\/30967","targetHints":{"allow":["GET"]}}],"collection":[{"href":"https:\/\/ebsv.edu.azores.gov.pt\/index.php?rest_route=\/wp\/v2\/posts"}],"about":[{"href":"https:\/\/ebsv.edu.azores.gov.pt\/index.php?rest_route=\/wp\/v2\/types\/post"}],"author":[{"embeddable":true,"href":"https:\/\/ebsv.edu.azores.gov.pt\/index.php?rest_route=\/wp\/v2\/users\/4"}],"replies":[{"embeddable":true,"href":"https:\/\/ebsv.edu.azores.gov.pt\/index.php?rest_route=%2Fwp%2Fv2%2Fcomments&post=30967"}],"version-history":[{"count":0,"href":"https:\/\/ebsv.edu.azores.gov.pt\/index.php?rest_route=\/wp\/v2\/posts\/30967\/revisions"}],"wp:featuredmedia":[{"embeddable":true,"href":"https:\/\/ebsv.edu.azores.gov.pt\/index.php?rest_route=\/wp\/v2\/media\/30966"}],"wp:attachment":[{"href":"https:\/\/ebsv.edu.azores.gov.pt\/index.php?rest_route=%2Fwp%2Fv2%2Fmedia&parent=30967"}],"wp:term":[{"taxonomy":"category","embeddable":true,"href":"https:\/\/ebsv.edu.azores.gov.pt\/index.php?rest_route=%2Fwp%2Fv2%2Fcategories&post=30967"},{"taxonomy":"post_tag","embeddable":true,"href":"https:\/\/ebsv.edu.azores.gov.pt\/index.php?rest_route=%2Fwp%2Fv2%2Ftags&post=30967"}],"curies":[{"name":"wp","href":"https:\/\/api.w.org\/{rel}","templated":true}]}}