{"id":31058,"date":"2025-04-03T10:47:56","date_gmt":"2025-04-03T10:47:56","guid":{"rendered":"https:\/\/ebsv.edu.azores.gov.pt\/?p=31058"},"modified":"2025-04-03T10:47:56","modified_gmt":"2025-04-03T10:47:56","slug":"dia-mundial-de-conscientizacao-do-autismo","status":"publish","type":"post","link":"https:\/\/ebsv.edu.azores.gov.pt\/?p=31058","title":{"rendered":"Dia Mundial de Conscientiza\u00e7\u00e3o do Autismo"},"content":{"rendered":"<p>No dia 2 de abril, celebramos o Dia Mundial de Conscientiza\u00e7\u00e3o do Autismo, uma data importante para promover a compreens\u00e3o e a inclus\u00e3o das pessoas com Transtorno do Espectro Autista (TEA). Este dia nos lembra da import\u00e2ncia de criar uma sociedade mais acolhedora e inclusiva para todos.<\/p>\n<p>O autismo \u00e9 uma condi\u00e7\u00e3o neurol\u00f3gica que afeta a comunica\u00e7\u00e3o, o comportamento e a intera\u00e7\u00e3o social. Cada pessoa com autismo \u00e9 \u00fanica, com suas pr\u00f3prias habilidades e desafios. Por isso, \u00e9 essencial que todos n\u00f3s aprendamos mais sobre o autismo e como podemos apoiar melhor as pessoas que vivem com essa condi\u00e7\u00e3o.<\/p>\n<p>Na nossa escola, estamos comprometidos em criar um ambiente inclusivo onde todos os alunos se sintam valorizados e respeitados.\u00a0\u00a0Juntos, podemos fazer a diferen\u00e7a e garantir que todas as pessoas com autismo tenham a oportunidade de alcan\u00e7ar seu pleno potencial.<\/p>\n<p>Vamos celebrar a diversidade e trabalhar juntos por um mundo mais inclusivo!<\/p>\n<p><a href=\"https:\/\/ebsv-dev.edu.azores.gov.pt\/wp-content\/uploads\/2025\/04\/Panfleto-EBSV-2025-1.pdf\"><strong>Panfleto EBSV 2025<\/strong><\/a><\/p>\n<p><a href=\"https:\/\/ebsv-dev.edu.azores.gov.pt\/wp-content\/uploads\/2025\/04\/Panfleto-EPIS-_-2025-1.pdf\"><strong>Panfleto EPIS _ 2025<\/strong><\/a><\/p>\n","protected":false},"excerpt":{"rendered":"<p>No dia 2 de abril, celebramos o Dia Mundial de Conscientiza\u00e7\u00e3o do Autismo, uma data importante para promover a compreens\u00e3o e a inclus\u00e3o das pessoas com Transtorno do Espectro Autista (TEA). Este dia nos lembra da import\u00e2ncia de criar uma sociedade mais acolhedora e inclusiva para todos. O autismo \u00e9 uma condi\u00e7\u00e3o neurol\u00f3gica que afeta<\/p><\/div>\n<div class=\"blog-btn\"><a href=\"https:\/\/ebsv.edu.azores.gov.pt\/?p=31058\" class=\"home-blog-btn\">Ler mais<\/a><\/p>\n","protected":false},"author":4,"featured_media":31059,"comment_status":"open","ping_status":"open","sticky":false,"template":"","format":"standard","meta":{"_mi_skip_tracking":false,"_monsterinsights_sitenote_active":false,"_monsterinsights_sitenote_note":"","_monsterinsights_sitenote_category":0,"footnotes":""},"categories":[1],"tags":[],"class_list":["post-31058","post","type-post","status-publish","format-standard","has-post-thumbnail","hentry","category-sem-categoria"],"acf":[],"_links":{"self":[{"href":"https:\/\/ebsv.edu.azores.gov.pt\/index.php?rest_route=\/wp\/v2\/posts\/31058","targetHints":{"allow":["GET"]}}],"collection":[{"href":"https:\/\/ebsv.edu.azores.gov.pt\/index.php?rest_route=\/wp\/v2\/posts"}],"about":[{"href":"https:\/\/ebsv.edu.azores.gov.pt\/index.php?rest_route=\/wp\/v2\/types\/post"}],"author":[{"embeddable":true,"href":"https:\/\/ebsv.edu.azores.gov.pt\/index.php?rest_route=\/wp\/v2\/users\/4"}],"replies":[{"embeddable":true,"href":"https:\/\/ebsv.edu.azores.gov.pt\/index.php?rest_route=%2Fwp%2Fv2%2Fcomments&post=31058"}],"version-history":[{"count":0,"href":"https:\/\/ebsv.edu.azores.gov.pt\/index.php?rest_route=\/wp\/v2\/posts\/31058\/revisions"}],"wp:featuredmedia":[{"embeddable":true,"href":"https:\/\/ebsv.edu.azores.gov.pt\/index.php?rest_route=\/wp\/v2\/media\/31059"}],"wp:attachment":[{"href":"https:\/\/ebsv.edu.azores.gov.pt\/index.php?rest_route=%2Fwp%2Fv2%2Fmedia&parent=31058"}],"wp:term":[{"taxonomy":"category","embeddable":true,"href":"https:\/\/ebsv.edu.azores.gov.pt\/index.php?rest_route=%2Fwp%2Fv2%2Fcategories&post=31058"},{"taxonomy":"post_tag","embeddable":true,"href":"https:\/\/ebsv.edu.azores.gov.pt\/index.php?rest_route=%2Fwp%2Fv2%2Ftags&post=31058"}],"curies":[{"name":"wp","href":"https:\/\/api.w.org\/{rel}","templated":true}]}}