{"id":31093,"date":"2025-05-06T09:29:33","date_gmt":"2025-05-06T09:29:33","guid":{"rendered":"https:\/\/ebsv.edu.azores.gov.pt\/?p=31093"},"modified":"2025-05-06T09:29:33","modified_gmt":"2025-05-06T09:29:33","slug":"aviso-matriculas-2025-2026","status":"publish","type":"post","link":"https:\/\/ebsv.edu.azores.gov.pt\/?p=31093","title":{"rendered":"AVISO &#8211; MATR\u00cdCULAS 2025\/2026"},"content":{"rendered":"<p>A Escola B\u00e1sica e Secund\u00e1ria das Velas informa todos os Encarregados de Educa\u00e7\u00e3o (EE) que<br \/>\nde acordo com o estipulado no ponto 1 do artigo 7\u00ba da Portaria n\u00ba 78\/2023 de 29 de agosto, o<br \/>\npedido de matr\u00edcula para o ano letivo 2025\/2026, na educa\u00e7\u00e3o pr\u00e9-escolar e no ensino b\u00e1sico<br \/>\nse efetua entre o dia 15 de maio e o dia 15 de junho de 2025.<\/p>\n<p>O pedido de renova\u00e7\u00e3o de matr\u00edcula s\u00f3 deve ser requerido quando haja lugar a transfer\u00eancia<br \/>\nde estabelecimento, transi\u00e7\u00e3o de ciclo, altera\u00e7\u00e3o de encarregado de educa\u00e7\u00e3o ou quando<br \/>\nesteja dependente de op\u00e7\u00e3o curricular. As restantes renova\u00e7\u00f5es operam automaticamente.<\/p>\n<p>AS MATR\u00cdCULAS EFETUAM-SE:<br \/>\n1. Pela primeira vez na Educa\u00e7\u00e3o Pr\u00e9-escolar (crian\u00e7as que completem 3 anos at\u00e9 15<br \/>\nde setembro); a matr\u00edcula de crian\u00e7as que completem 3 anos entre o dia 16 de<br \/>\nsetembro e 31 de dezembro \u00e9 aceite a t\u00edtulo condicional, dando prefer\u00eancia \u00e0s<br \/>\ncrian\u00e7as mais velhas, sendo a respetiva frequ\u00eancia garantida caso exista vaga \u00e0 data<br \/>\ndo in\u00edcio das atividades letivas;<\/p>\n<p>2. No 1\u00ba ano do 1\u00ba ciclo do ensino b\u00e1sico para alunos que perfazem 6 anos at\u00e9 15 de<br \/>\nsetembro); as matr\u00edculas no 1\u00ba ciclo de crian\u00e7as que completem 6 anos de idade<br \/>\nentre 16 de setembro e 31 de dezembro carece de requerimento dirigido ao<br \/>\npresidente do conselho executivo.<\/p>\n<p>Os Encarregados de Educa\u00e7\u00e3o cujos educandos se encontram numa das situa\u00e7\u00f5es acima<br \/>\nreferidas devem dirigir-se aos Servi\u00e7os Administrativos nos prazos estabelecidos e fazer-se<br \/>\nacompanhar dos seguintes documentos:<\/p>\n<p>Cart\u00e3o de Cidad\u00e3o, boletim de vacinas devidamente atualizado, de acordo<br \/>\ncom o Plano Regional de Vacina\u00e7\u00e3o ou documento comprovativo, emitido<br \/>\npelo Centro de Sa\u00fade, fotoc\u00f3pia do documento do subsistema de sa\u00fade que<br \/>\nabrange o aluno (ADSE, SSP,\u2026)<\/p>\n","protected":false},"excerpt":{"rendered":"<p>A Escola B\u00e1sica e Secund\u00e1ria das Velas informa todos os Encarregados de Educa\u00e7\u00e3o (EE) que de acordo com o estipulado no ponto 1 do artigo 7\u00ba da Portaria n\u00ba 78\/2023 de 29 de agosto, o pedido de matr\u00edcula para o ano letivo 2025\/2026, na educa\u00e7\u00e3o pr\u00e9-escolar e no ensino b\u00e1sico se efetua entre o dia<\/p><\/div>\n<div class=\"blog-btn\"><a href=\"https:\/\/ebsv.edu.azores.gov.pt\/?p=31093\" class=\"home-blog-btn\">Ler mais<\/a><\/p>\n","protected":false},"author":4,"featured_media":26786,"comment_status":"open","ping_status":"open","sticky":false,"template":"","format":"standard","meta":{"_mi_skip_tracking":false,"_monsterinsights_sitenote_active":false,"_monsterinsights_sitenote_note":"","_monsterinsights_sitenote_category":0,"footnotes":""},"categories":[1],"tags":[],"class_list":["post-31093","post","type-post","status-publish","format-standard","has-post-thumbnail","hentry","category-sem-categoria"],"acf":[],"_links":{"self":[{"href":"https:\/\/ebsv.edu.azores.gov.pt\/index.php?rest_route=\/wp\/v2\/posts\/31093","targetHints":{"allow":["GET"]}}],"collection":[{"href":"https:\/\/ebsv.edu.azores.gov.pt\/index.php?rest_route=\/wp\/v2\/posts"}],"about":[{"href":"https:\/\/ebsv.edu.azores.gov.pt\/index.php?rest_route=\/wp\/v2\/types\/post"}],"author":[{"embeddable":true,"href":"https:\/\/ebsv.edu.azores.gov.pt\/index.php?rest_route=\/wp\/v2\/users\/4"}],"replies":[{"embeddable":true,"href":"https:\/\/ebsv.edu.azores.gov.pt\/index.php?rest_route=%2Fwp%2Fv2%2Fcomments&post=31093"}],"version-history":[{"count":0,"href":"https:\/\/ebsv.edu.azores.gov.pt\/index.php?rest_route=\/wp\/v2\/posts\/31093\/revisions"}],"wp:featuredmedia":[{"embeddable":true,"href":"https:\/\/ebsv.edu.azores.gov.pt\/index.php?rest_route=\/wp\/v2\/media\/26786"}],"wp:attachment":[{"href":"https:\/\/ebsv.edu.azores.gov.pt\/index.php?rest_route=%2Fwp%2Fv2%2Fmedia&parent=31093"}],"wp:term":[{"taxonomy":"category","embeddable":true,"href":"https:\/\/ebsv.edu.azores.gov.pt\/index.php?rest_route=%2Fwp%2Fv2%2Fcategories&post=31093"},{"taxonomy":"post_tag","embeddable":true,"href":"https:\/\/ebsv.edu.azores.gov.pt\/index.php?rest_route=%2Fwp%2Fv2%2Ftags&post=31093"}],"curies":[{"name":"wp","href":"https:\/\/api.w.org\/{rel}","templated":true}]}}