{"id":31353,"date":"2025-11-24T16:48:32","date_gmt":"2025-11-24T16:48:32","guid":{"rendered":"https:\/\/ebsv.edu.azores.gov.pt\/?p=31353"},"modified":"2025-11-24T16:48:33","modified_gmt":"2025-11-24T16:48:33","slug":"ebs-de-velas-voltaram-a-assinalar-a-queda-do-muro-de-berlim","status":"publish","type":"post","link":"https:\/\/ebsv.edu.azores.gov.pt\/?p=31353","title":{"rendered":"EBS de Velas voltaram a assinalar a queda do Muro de Berlim"},"content":{"rendered":"\n<p>EBS de Velas voltaram a assinalar a queda do Muro de Berlim. Em articula\u00e7\u00e3o interdisciplinar com a disciplina de Desenho A e com a colabora\u00e7\u00e3o da professora Rita Fernandes e do estagi\u00e1rio Jannik Pfeuffer, do programa &#8220;Schulw\u00e4rts&#8221;, os estudantes do 10.\u00ba ano constru\u00edram um muro simb\u00f3lico, exposto no hall de entrada da escola. No ch\u00e3o foram colocadas placas representando o percurso original do muro.<\/p>\n\n\n\n<p>Na estrutura criada, os alunos pintaram palavras e express\u00f5es relacionadas com a Guerra Fria, afixaram fotografias, informa\u00e7\u00f5es e curiosidades sobre as raz\u00f5es que motivaram a constru\u00e7\u00e3o e, mais tarde, a queda do Muro de Berlim. Com base nesses conte\u00fados, responderam tamb\u00e9m a um question\u00e1rio. Durante a aula, foi ainda exibido um pequeno filme sobre a constru\u00e7\u00e3o e a queda do muro. A atividade terminou com o simbolismo m\u00e1ximo deste momento hist\u00f3rico: o muro foi posteriormente \u201cderrubado\u201d pelos alunos.<\/p>\n\n\n\n<figure class=\"wp-block-gallery has-nested-images columns-default is-cropped wp-block-gallery-1 is-layout-flex wp-block-gallery-is-layout-flex\">\n<figure class=\"wp-block-image size-large\"><img loading=\"lazy\" decoding=\"async\" width=\"1024\" height=\"768\" data-id=\"31352\" src=\"https:\/\/ebsv.edu.azores.gov.pt\/wp-content\/uploads\/2025\/11\/IMG_7559-1024x768.jpg\" alt=\"\" class=\"wp-image-31352\" srcset=\"https:\/\/ebsv.edu.azores.gov.pt\/wp-content\/uploads\/2025\/11\/IMG_7559-1024x768.jpg 1024w, https:\/\/ebsv.edu.azores.gov.pt\/wp-content\/uploads\/2025\/11\/IMG_7559-300x225.jpg 300w, https:\/\/ebsv.edu.azores.gov.pt\/wp-content\/uploads\/2025\/11\/IMG_7559-768x576.jpg 768w, https:\/\/ebsv.edu.azores.gov.pt\/wp-content\/uploads\/2025\/11\/IMG_7559-1536x1152.jpg 1536w, https:\/\/ebsv.edu.azores.gov.pt\/wp-content\/uploads\/2025\/11\/IMG_7559.jpg 1600w\" sizes=\"auto, (max-width: 1024px) 100vw, 1024px\" \/><\/figure>\n\n\n\n<figure class=\"wp-block-image size-large\"><img loading=\"lazy\" decoding=\"async\" width=\"1024\" height=\"768\" data-id=\"31351\" src=\"https:\/\/ebsv.edu.azores.gov.pt\/wp-content\/uploads\/2025\/11\/IMG_7558-1024x768.jpg\" alt=\"\" class=\"wp-image-31351\" srcset=\"https:\/\/ebsv.edu.azores.gov.pt\/wp-content\/uploads\/2025\/11\/IMG_7558-1024x768.jpg 1024w, https:\/\/ebsv.edu.azores.gov.pt\/wp-content\/uploads\/2025\/11\/IMG_7558-300x225.jpg 300w, https:\/\/ebsv.edu.azores.gov.pt\/wp-content\/uploads\/2025\/11\/IMG_7558-768x576.jpg 768w, https:\/\/ebsv.edu.azores.gov.pt\/wp-content\/uploads\/2025\/11\/IMG_7558-1536x1152.jpg 1536w, https:\/\/ebsv.edu.azores.gov.pt\/wp-content\/uploads\/2025\/11\/IMG_7558.jpg 1600w\" sizes=\"auto, (max-width: 1024px) 100vw, 1024px\" \/><\/figure>\n\n\n\n<figure class=\"wp-block-image size-large\"><img loading=\"lazy\" decoding=\"async\" width=\"768\" height=\"1024\" data-id=\"31350\" src=\"https:\/\/ebsv.edu.azores.gov.pt\/wp-content\/uploads\/2025\/11\/IMG_7557-768x1024.jpg\" alt=\"\" class=\"wp-image-31350\" srcset=\"https:\/\/ebsv.edu.azores.gov.pt\/wp-content\/uploads\/2025\/11\/IMG_7557-768x1024.jpg 768w, https:\/\/ebsv.edu.azores.gov.pt\/wp-content\/uploads\/2025\/11\/IMG_7557-225x300.jpg 225w, https:\/\/ebsv.edu.azores.gov.pt\/wp-content\/uploads\/2025\/11\/IMG_7557-1152x1536.jpg 1152w, https:\/\/ebsv.edu.azores.gov.pt\/wp-content\/uploads\/2025\/11\/IMG_7557.jpg 1200w\" sizes=\"auto, (max-width: 768px) 100vw, 768px\" \/><\/figure>\n\n\n\n<figure class=\"wp-block-image size-large\"><img loading=\"lazy\" decoding=\"async\" width=\"1024\" height=\"768\" data-id=\"31349\" src=\"https:\/\/ebsv.edu.azores.gov.pt\/wp-content\/uploads\/2025\/11\/IMG_7556-1024x768.jpg\" alt=\"\" class=\"wp-image-31349\" srcset=\"https:\/\/ebsv.edu.azores.gov.pt\/wp-content\/uploads\/2025\/11\/IMG_7556-1024x768.jpg 1024w, https:\/\/ebsv.edu.azores.gov.pt\/wp-content\/uploads\/2025\/11\/IMG_7556-300x225.jpg 300w, https:\/\/ebsv.edu.azores.gov.pt\/wp-content\/uploads\/2025\/11\/IMG_7556-768x576.jpg 768w, https:\/\/ebsv.edu.azores.gov.pt\/wp-content\/uploads\/2025\/11\/IMG_7556-1536x1152.jpg 1536w, https:\/\/ebsv.edu.azores.gov.pt\/wp-content\/uploads\/2025\/11\/IMG_7556.jpg 1600w\" sizes=\"auto, (max-width: 1024px) 100vw, 1024px\" \/><\/figure>\n\n\n\n<figure class=\"wp-block-image size-large\"><img loading=\"lazy\" decoding=\"async\" width=\"1024\" height=\"768\" data-id=\"31347\" src=\"https:\/\/ebsv.edu.azores.gov.pt\/wp-content\/uploads\/2025\/11\/IMG_7554-1024x768.jpg\" alt=\"\" class=\"wp-image-31347\" srcset=\"https:\/\/ebsv.edu.azores.gov.pt\/wp-content\/uploads\/2025\/11\/IMG_7554-1024x768.jpg 1024w, https:\/\/ebsv.edu.azores.gov.pt\/wp-content\/uploads\/2025\/11\/IMG_7554-300x225.jpg 300w, https:\/\/ebsv.edu.azores.gov.pt\/wp-content\/uploads\/2025\/11\/IMG_7554-768x576.jpg 768w, https:\/\/ebsv.edu.azores.gov.pt\/wp-content\/uploads\/2025\/11\/IMG_7554-1536x1152.jpg 1536w, https:\/\/ebsv.edu.azores.gov.pt\/wp-content\/uploads\/2025\/11\/IMG_7554.jpg 1600w\" sizes=\"auto, (max-width: 1024px) 100vw, 1024px\" \/><\/figure>\n\n\n\n<figure class=\"wp-block-image size-large\"><img loading=\"lazy\" decoding=\"async\" width=\"1024\" height=\"768\" data-id=\"31346\" src=\"https:\/\/ebsv.edu.azores.gov.pt\/wp-content\/uploads\/2025\/11\/IMG_7553-1024x768.jpg\" alt=\"\" class=\"wp-image-31346\" srcset=\"https:\/\/ebsv.edu.azores.gov.pt\/wp-content\/uploads\/2025\/11\/IMG_7553-1024x768.jpg 1024w, https:\/\/ebsv.edu.azores.gov.pt\/wp-content\/uploads\/2025\/11\/IMG_7553-300x225.jpg 300w, https:\/\/ebsv.edu.azores.gov.pt\/wp-content\/uploads\/2025\/11\/IMG_7553-768x576.jpg 768w, https:\/\/ebsv.edu.azores.gov.pt\/wp-content\/uploads\/2025\/11\/IMG_7553-1536x1152.jpg 1536w, https:\/\/ebsv.edu.azores.gov.pt\/wp-content\/uploads\/2025\/11\/IMG_7553.jpg 1600w\" sizes=\"auto, (max-width: 1024px) 100vw, 1024px\" \/><\/figure>\n\n\n\n<figure class=\"wp-block-image size-large\"><img loading=\"lazy\" decoding=\"async\" width=\"1024\" height=\"768\" data-id=\"31345\" src=\"https:\/\/ebsv.edu.azores.gov.pt\/wp-content\/uploads\/2025\/11\/IMG_7552-1024x768.jpg\" alt=\"\" class=\"wp-image-31345\" srcset=\"https:\/\/ebsv.edu.azores.gov.pt\/wp-content\/uploads\/2025\/11\/IMG_7552-1024x768.jpg 1024w, https:\/\/ebsv.edu.azores.gov.pt\/wp-content\/uploads\/2025\/11\/IMG_7552-300x225.jpg 300w, https:\/\/ebsv.edu.azores.gov.pt\/wp-content\/uploads\/2025\/11\/IMG_7552-768x576.jpg 768w, https:\/\/ebsv.edu.azores.gov.pt\/wp-content\/uploads\/2025\/11\/IMG_7552-1536x1152.jpg 1536w, https:\/\/ebsv.edu.azores.gov.pt\/wp-content\/uploads\/2025\/11\/IMG_7552.jpg 1600w\" sizes=\"auto, (max-width: 1024px) 100vw, 1024px\" \/><\/figure>\n\n\n\n<figure class=\"wp-block-image size-large\"><img loading=\"lazy\" decoding=\"async\" width=\"1024\" height=\"768\" data-id=\"31344\" src=\"https:\/\/ebsv.edu.azores.gov.pt\/wp-content\/uploads\/2025\/11\/IMG_7551-1024x768.jpg\" alt=\"\" class=\"wp-image-31344\" srcset=\"https:\/\/ebsv.edu.azores.gov.pt\/wp-content\/uploads\/2025\/11\/IMG_7551-1024x768.jpg 1024w, https:\/\/ebsv.edu.azores.gov.pt\/wp-content\/uploads\/2025\/11\/IMG_7551-300x225.jpg 300w, https:\/\/ebsv.edu.azores.gov.pt\/wp-content\/uploads\/2025\/11\/IMG_7551-768x576.jpg 768w, https:\/\/ebsv.edu.azores.gov.pt\/wp-content\/uploads\/2025\/11\/IMG_7551-1536x1152.jpg 1536w, https:\/\/ebsv.edu.azores.gov.pt\/wp-content\/uploads\/2025\/11\/IMG_7551.jpg 1600w\" sizes=\"auto, (max-width: 1024px) 100vw, 1024px\" \/><\/figure>\n\n\n\n<figure class=\"wp-block-image size-large\"><img loading=\"lazy\" decoding=\"async\" width=\"1024\" height=\"768\" data-id=\"31343\" src=\"https:\/\/ebsv.edu.azores.gov.pt\/wp-content\/uploads\/2025\/11\/IMG_7550-1024x768.jpg\" alt=\"\" class=\"wp-image-31343\" srcset=\"https:\/\/ebsv.edu.azores.gov.pt\/wp-content\/uploads\/2025\/11\/IMG_7550-1024x768.jpg 1024w, https:\/\/ebsv.edu.azores.gov.pt\/wp-content\/uploads\/2025\/11\/IMG_7550-300x225.jpg 300w, https:\/\/ebsv.edu.azores.gov.pt\/wp-content\/uploads\/2025\/11\/IMG_7550-768x576.jpg 768w, https:\/\/ebsv.edu.azores.gov.pt\/wp-content\/uploads\/2025\/11\/IMG_7550-1536x1152.jpg 1536w, https:\/\/ebsv.edu.azores.gov.pt\/wp-content\/uploads\/2025\/11\/IMG_7550.jpg 1600w\" sizes=\"auto, (max-width: 1024px) 100vw, 1024px\" \/><\/figure>\n\n\n\n<figure class=\"wp-block-image size-large\"><img loading=\"lazy\" decoding=\"async\" width=\"960\" height=\"720\" data-id=\"31342\" src=\"https:\/\/ebsv.edu.azores.gov.pt\/wp-content\/uploads\/2025\/11\/IMG_7549.jpg\" alt=\"\" class=\"wp-image-31342\" srcset=\"https:\/\/ebsv.edu.azores.gov.pt\/wp-content\/uploads\/2025\/11\/IMG_7549.jpg 960w, https:\/\/ebsv.edu.azores.gov.pt\/wp-content\/uploads\/2025\/11\/IMG_7549-300x225.jpg 300w, https:\/\/ebsv.edu.azores.gov.pt\/wp-content\/uploads\/2025\/11\/IMG_7549-768x576.jpg 768w\" sizes=\"auto, (max-width: 960px) 100vw, 960px\" \/><\/figure>\n\n\n\n<figure class=\"wp-block-image size-large\"><img loading=\"lazy\" decoding=\"async\" width=\"960\" height=\"720\" data-id=\"31341\" src=\"https:\/\/ebsv.edu.azores.gov.pt\/wp-content\/uploads\/2025\/11\/IMG_7548.jpg\" alt=\"\" class=\"wp-image-31341\" srcset=\"https:\/\/ebsv.edu.azores.gov.pt\/wp-content\/uploads\/2025\/11\/IMG_7548.jpg 960w, https:\/\/ebsv.edu.azores.gov.pt\/wp-content\/uploads\/2025\/11\/IMG_7548-300x225.jpg 300w, https:\/\/ebsv.edu.azores.gov.pt\/wp-content\/uploads\/2025\/11\/IMG_7548-768x576.jpg 768w\" sizes=\"auto, (max-width: 960px) 100vw, 960px\" \/><\/figure>\n<\/figure>\n","protected":false},"excerpt":{"rendered":"<p>EBS de Velas voltaram a assinalar a queda do Muro de Berlim. Em articula\u00e7\u00e3o interdisciplinar com a disciplina de Desenho A e com a colabora\u00e7\u00e3o da professora Rita Fernandes e do estagi\u00e1rio Jannik Pfeuffer, do programa &#8220;Schulw\u00e4rts&#8221;, os estudantes do 10.\u00ba ano constru\u00edram um muro simb\u00f3lico, exposto no hall de entrada da escola. No ch\u00e3o<\/p><\/div>\n<div class=\"blog-btn\"><a href=\"https:\/\/ebsv.edu.azores.gov.pt\/?p=31353\" class=\"home-blog-btn\">Ler mais<\/a><\/p>\n","protected":false},"author":4,"featured_media":31348,"comment_status":"closed","ping_status":"open","sticky":false,"template":"","format":"standard","meta":{"_mi_skip_tracking":false,"_monsterinsights_sitenote_active":false,"_monsterinsights_sitenote_note":"","_monsterinsights_sitenote_category":0,"footnotes":""},"categories":[1],"tags":[],"class_list":["post-31353","post","type-post","status-publish","format-standard","has-post-thumbnail","hentry","category-sem-categoria"],"acf":[],"_links":{"self":[{"href":"https:\/\/ebsv.edu.azores.gov.pt\/index.php?rest_route=\/wp\/v2\/posts\/31353","targetHints":{"allow":["GET"]}}],"collection":[{"href":"https:\/\/ebsv.edu.azores.gov.pt\/index.php?rest_route=\/wp\/v2\/posts"}],"about":[{"href":"https:\/\/ebsv.edu.azores.gov.pt\/index.php?rest_route=\/wp\/v2\/types\/post"}],"author":[{"embeddable":true,"href":"https:\/\/ebsv.edu.azores.gov.pt\/index.php?rest_route=\/wp\/v2\/users\/4"}],"replies":[{"embeddable":true,"href":"https:\/\/ebsv.edu.azores.gov.pt\/index.php?rest_route=%2Fwp%2Fv2%2Fcomments&post=31353"}],"version-history":[{"count":1,"href":"https:\/\/ebsv.edu.azores.gov.pt\/index.php?rest_route=\/wp\/v2\/posts\/31353\/revisions"}],"predecessor-version":[{"id":31354,"href":"https:\/\/ebsv.edu.azores.gov.pt\/index.php?rest_route=\/wp\/v2\/posts\/31353\/revisions\/31354"}],"wp:featuredmedia":[{"embeddable":true,"href":"https:\/\/ebsv.edu.azores.gov.pt\/index.php?rest_route=\/wp\/v2\/media\/31348"}],"wp:attachment":[{"href":"https:\/\/ebsv.edu.azores.gov.pt\/index.php?rest_route=%2Fwp%2Fv2%2Fmedia&parent=31353"}],"wp:term":[{"taxonomy":"category","embeddable":true,"href":"https:\/\/ebsv.edu.azores.gov.pt\/index.php?rest_route=%2Fwp%2Fv2%2Fcategories&post=31353"},{"taxonomy":"post_tag","embeddable":true,"href":"https:\/\/ebsv.edu.azores.gov.pt\/index.php?rest_route=%2Fwp%2Fv2%2Ftags&post=31353"}],"curies":[{"name":"wp","href":"https:\/\/api.w.org\/{rel}","templated":true}]}}