{"id":31381,"date":"2025-12-15T12:38:24","date_gmt":"2025-12-15T12:38:24","guid":{"rendered":"https:\/\/ebsv.edu.azores.gov.pt\/?p=31381"},"modified":"2025-12-15T12:38:25","modified_gmt":"2025-12-15T12:38:25","slug":"direitos-humanos","status":"publish","type":"post","link":"https:\/\/ebsv.edu.azores.gov.pt\/?p=31381","title":{"rendered":"&#8220;DIREITOS HUMANOS&#8221;"},"content":{"rendered":"\n<p>No \u00e2mbito da Cidadania, foi criada a Instala\u00e7\u00e3o Art\u00edstica \u201cDIREITOS HUMANOS\u201d, para assinalar a Declara\u00e7\u00e3o Universal dos Direitos Humanos, adotada e proclamada pela Assembleia Geral das Na\u00e7\u00f5es Unidas (resolu\u00e7\u00e3o 217 A III) a 10 de dezembro 1948.<\/p>\n\n\n\n<p>\u2002\u2002\u2002\u2002O trabalho foi elaborado em articula\u00e7\u00e3o interdisciplinar e interciclos, pelos alunos de Artes Visuais do 12\u00ba ano, na disciplina de Desenho A, juntamente com os alunos do 9\u00ba ano, turma A, nas \u00c1reas Curriculares de Cidadania e Educa\u00e7\u00e3o Visual em colabora\u00e7\u00e3o com o Clube Europeu.<\/p>\n\n\n\n<p>\u2002\u2002\u2002\u2002<\/p>\n\n\n\n<p>\u2002\u2002\u2002\u2002Esta Instala\u00e7\u00e3o Art\u00edstica, \u00e9 o resultado vis\u00edvel de uma metodologia de trabalho que come\u00e7ou com a recolha e an\u00e1lise de instrumentos jur\u00eddicos, nacionais e internacionais, de prote\u00e7\u00e3o dos Direitos Humanos a que Portugal est\u00e1 vinculado (exs.: Constitui\u00e7\u00e3o da Rep\u00fablica Portuguesa; Carta Internacional dos Direitos Humanos; Conven\u00e7\u00e3o sobre os Direitos da Crian\u00e7a, Conven\u00e7\u00e3o de Istambul), an\u00e1lise dos desafios globais e dos temas controversos referentes \u00e0 dimens\u00e3o dos DIREITOS HUMANOS com o objetivo de se reconhecer o papel das pol\u00edticas p\u00fablicas na prote\u00e7\u00e3o de pessoas e grupos em situa\u00e7\u00e3o de maior vulnerabilidade, refletindo sobre o papel das organiza\u00e7\u00f5es internacionais, nomeadamente da ONU e do Conselho da Europa, na defesa dos Direitos Humanos.<\/p>\n\n\n\n<p>\u2002\u2002\u2002\u2002<\/p>\n\n\n\n<p>\u2002\u2002\u2002\u2002Os alunos desenvolveram o projeto com o objetivo de promover a igualdade e a justi\u00e7a social e de divulgar os 30 artigos constantes na Declara\u00e7\u00e3o Universal dos Direitos Humanos.<\/p>\n\n\n\n<p>\u2002\u2002\u2002\u2002<\/p>\n\n\n\n<p>\u2002\u2002\u2002\u2002A Instala\u00e7\u00e3o Art\u00edstica foi montada no corredor principal da EBS de Velas, com a inten\u00e7\u00e3o propositada de provocar uma intera\u00e7\u00e3o com os utilizadores do espa\u00e7o, tornando-se inevit\u00e1vel a chamada de aten\u00e7\u00e3o para o tema explorado, \u201cDIREITOS HUMANOS\u201d.&nbsp;<\/p>\n\n\n\n<figure class=\"wp-block-gallery has-nested-images columns-default is-cropped wp-block-gallery-1 is-layout-flex wp-block-gallery-is-layout-flex\">\n<figure class=\"wp-block-image size-large\"><img loading=\"lazy\" decoding=\"async\" width=\"608\" height=\"1024\" data-id=\"31380\" src=\"https:\/\/ebsv.edu.azores.gov.pt\/wp-content\/uploads\/2025\/12\/DIREITOS-HUMANOS-EBS-de-VELAS-2025-12-608x1024.jpeg\" alt=\"\" class=\"wp-image-31380\" srcset=\"https:\/\/ebsv.edu.azores.gov.pt\/wp-content\/uploads\/2025\/12\/DIREITOS-HUMANOS-EBS-de-VELAS-2025-12-608x1024.jpeg 608w, https:\/\/ebsv.edu.azores.gov.pt\/wp-content\/uploads\/2025\/12\/DIREITOS-HUMANOS-EBS-de-VELAS-2025-12-178x300.jpeg 178w, https:\/\/ebsv.edu.azores.gov.pt\/wp-content\/uploads\/2025\/12\/DIREITOS-HUMANOS-EBS-de-VELAS-2025-12-768x1293.jpeg 768w, https:\/\/ebsv.edu.azores.gov.pt\/wp-content\/uploads\/2025\/12\/DIREITOS-HUMANOS-EBS-de-VELAS-2025-12-912x1536.jpeg 912w, https:\/\/ebsv.edu.azores.gov.pt\/wp-content\/uploads\/2025\/12\/DIREITOS-HUMANOS-EBS-de-VELAS-2025-12-1216x2048.jpeg 1216w, https:\/\/ebsv.edu.azores.gov.pt\/wp-content\/uploads\/2025\/12\/DIREITOS-HUMANOS-EBS-de-VELAS-2025-12-scaled.jpeg 1520w\" sizes=\"auto, (max-width: 608px) 100vw, 608px\" \/><\/figure>\n\n\n\n<figure class=\"wp-block-image size-large\"><img loading=\"lazy\" decoding=\"async\" width=\"566\" height=\"1024\" data-id=\"31379\" src=\"https:\/\/ebsv.edu.azores.gov.pt\/wp-content\/uploads\/2025\/12\/DIREITOS-HUMANOS-EBS-de-VELAS-2025-11-566x1024.jpeg\" alt=\"\" class=\"wp-image-31379\" srcset=\"https:\/\/ebsv.edu.azores.gov.pt\/wp-content\/uploads\/2025\/12\/DIREITOS-HUMANOS-EBS-de-VELAS-2025-11-566x1024.jpeg 566w, https:\/\/ebsv.edu.azores.gov.pt\/wp-content\/uploads\/2025\/12\/DIREITOS-HUMANOS-EBS-de-VELAS-2025-11-166x300.jpeg 166w, https:\/\/ebsv.edu.azores.gov.pt\/wp-content\/uploads\/2025\/12\/DIREITOS-HUMANOS-EBS-de-VELAS-2025-11-768x1389.jpeg 768w, https:\/\/ebsv.edu.azores.gov.pt\/wp-content\/uploads\/2025\/12\/DIREITOS-HUMANOS-EBS-de-VELAS-2025-11-849x1536.jpeg 849w, https:\/\/ebsv.edu.azores.gov.pt\/wp-content\/uploads\/2025\/12\/DIREITOS-HUMANOS-EBS-de-VELAS-2025-11-1132x2048.jpeg 1132w, https:\/\/ebsv.edu.azores.gov.pt\/wp-content\/uploads\/2025\/12\/DIREITOS-HUMANOS-EBS-de-VELAS-2025-11-scaled.jpeg 1415w\" sizes=\"auto, (max-width: 566px) 100vw, 566px\" \/><\/figure>\n\n\n\n<figure class=\"wp-block-image size-large\"><img loading=\"lazy\" decoding=\"async\" width=\"1024\" height=\"675\" data-id=\"31378\" src=\"https:\/\/ebsv.edu.azores.gov.pt\/wp-content\/uploads\/2025\/12\/DIREITOS-HUMANOS-EBS-de-VELAS-2025-10-1024x675.jpeg\" alt=\"\" class=\"wp-image-31378\" srcset=\"https:\/\/ebsv.edu.azores.gov.pt\/wp-content\/uploads\/2025\/12\/DIREITOS-HUMANOS-EBS-de-VELAS-2025-10-1024x675.jpeg 1024w, https:\/\/ebsv.edu.azores.gov.pt\/wp-content\/uploads\/2025\/12\/DIREITOS-HUMANOS-EBS-de-VELAS-2025-10-300x198.jpeg 300w, https:\/\/ebsv.edu.azores.gov.pt\/wp-content\/uploads\/2025\/12\/DIREITOS-HUMANOS-EBS-de-VELAS-2025-10-768x506.jpeg 768w, https:\/\/ebsv.edu.azores.gov.pt\/wp-content\/uploads\/2025\/12\/DIREITOS-HUMANOS-EBS-de-VELAS-2025-10-1536x1012.jpeg 1536w, https:\/\/ebsv.edu.azores.gov.pt\/wp-content\/uploads\/2025\/12\/DIREITOS-HUMANOS-EBS-de-VELAS-2025-10.jpeg 1882w\" sizes=\"auto, (max-width: 1024px) 100vw, 1024px\" \/><\/figure>\n\n\n\n<figure class=\"wp-block-image size-large\"><img loading=\"lazy\" decoding=\"async\" width=\"721\" height=\"1024\" data-id=\"31382\" src=\"https:\/\/ebsv.edu.azores.gov.pt\/wp-content\/uploads\/2025\/12\/DIREITOS-HUMANOS-EBS-de-VELAS-2025-13-721x1024.jpeg\" alt=\"\" class=\"wp-image-31382\" srcset=\"https:\/\/ebsv.edu.azores.gov.pt\/wp-content\/uploads\/2025\/12\/DIREITOS-HUMANOS-EBS-de-VELAS-2025-13-721x1024.jpeg 721w, https:\/\/ebsv.edu.azores.gov.pt\/wp-content\/uploads\/2025\/12\/DIREITOS-HUMANOS-EBS-de-VELAS-2025-13-211x300.jpeg 211w, https:\/\/ebsv.edu.azores.gov.pt\/wp-content\/uploads\/2025\/12\/DIREITOS-HUMANOS-EBS-de-VELAS-2025-13-768x1091.jpeg 768w, https:\/\/ebsv.edu.azores.gov.pt\/wp-content\/uploads\/2025\/12\/DIREITOS-HUMANOS-EBS-de-VELAS-2025-13-1081x1536.jpeg 1081w, https:\/\/ebsv.edu.azores.gov.pt\/wp-content\/uploads\/2025\/12\/DIREITOS-HUMANOS-EBS-de-VELAS-2025-13-1441x2048.jpeg 1441w, https:\/\/ebsv.edu.azores.gov.pt\/wp-content\/uploads\/2025\/12\/DIREITOS-HUMANOS-EBS-de-VELAS-2025-13-scaled.jpeg 1801w\" sizes=\"auto, (max-width: 721px) 100vw, 721px\" \/><\/figure>\n\n\n\n<figure class=\"wp-block-image size-large\"><img loading=\"lazy\" decoding=\"async\" width=\"1024\" height=\"825\" data-id=\"31377\" src=\"https:\/\/ebsv.edu.azores.gov.pt\/wp-content\/uploads\/2025\/12\/DIREITOS-HUMANOS-EBS-de-VELAS-2025-9-1024x825.jpeg\" alt=\"\" class=\"wp-image-31377\" srcset=\"https:\/\/ebsv.edu.azores.gov.pt\/wp-content\/uploads\/2025\/12\/DIREITOS-HUMANOS-EBS-de-VELAS-2025-9-1024x825.jpeg 1024w, https:\/\/ebsv.edu.azores.gov.pt\/wp-content\/uploads\/2025\/12\/DIREITOS-HUMANOS-EBS-de-VELAS-2025-9-300x242.jpeg 300w, https:\/\/ebsv.edu.azores.gov.pt\/wp-content\/uploads\/2025\/12\/DIREITOS-HUMANOS-EBS-de-VELAS-2025-9-768x619.jpeg 768w, https:\/\/ebsv.edu.azores.gov.pt\/wp-content\/uploads\/2025\/12\/DIREITOS-HUMANOS-EBS-de-VELAS-2025-9-1536x1238.jpeg 1536w, https:\/\/ebsv.edu.azores.gov.pt\/wp-content\/uploads\/2025\/12\/DIREITOS-HUMANOS-EBS-de-VELAS-2025-9.jpeg 1721w\" sizes=\"auto, (max-width: 1024px) 100vw, 1024px\" \/><\/figure>\n\n\n\n<figure class=\"wp-block-image size-large\"><img loading=\"lazy\" decoding=\"async\" width=\"768\" height=\"1024\" data-id=\"31376\" src=\"https:\/\/ebsv.edu.azores.gov.pt\/wp-content\/uploads\/2025\/12\/DIREITOS-HUMANOS-EBS-de-VELAS-2025-8-768x1024.jpeg\" alt=\"\" class=\"wp-image-31376\" srcset=\"https:\/\/ebsv.edu.azores.gov.pt\/wp-content\/uploads\/2025\/12\/DIREITOS-HUMANOS-EBS-de-VELAS-2025-8-768x1024.jpeg 768w, https:\/\/ebsv.edu.azores.gov.pt\/wp-content\/uploads\/2025\/12\/DIREITOS-HUMANOS-EBS-de-VELAS-2025-8-225x300.jpeg 225w, https:\/\/ebsv.edu.azores.gov.pt\/wp-content\/uploads\/2025\/12\/DIREITOS-HUMANOS-EBS-de-VELAS-2025-8-1152x1536.jpeg 1152w, https:\/\/ebsv.edu.azores.gov.pt\/wp-content\/uploads\/2025\/12\/DIREITOS-HUMANOS-EBS-de-VELAS-2025-8-1536x2048.jpeg 1536w, https:\/\/ebsv.edu.azores.gov.pt\/wp-content\/uploads\/2025\/12\/DIREITOS-HUMANOS-EBS-de-VELAS-2025-8-scaled.jpeg 1920w\" sizes=\"auto, (max-width: 768px) 100vw, 768px\" \/><\/figure>\n\n\n\n<figure class=\"wp-block-image size-large\"><img loading=\"lazy\" decoding=\"async\" width=\"768\" height=\"1024\" data-id=\"31375\" src=\"https:\/\/ebsv.edu.azores.gov.pt\/wp-content\/uploads\/2025\/12\/DIREITOS-HUMANOS-EBS-de-VELAS-2025-7-768x1024.jpeg\" alt=\"\" class=\"wp-image-31375\" srcset=\"https:\/\/ebsv.edu.azores.gov.pt\/wp-content\/uploads\/2025\/12\/DIREITOS-HUMANOS-EBS-de-VELAS-2025-7-768x1024.jpeg 768w, https:\/\/ebsv.edu.azores.gov.pt\/wp-content\/uploads\/2025\/12\/DIREITOS-HUMANOS-EBS-de-VELAS-2025-7-225x300.jpeg 225w, https:\/\/ebsv.edu.azores.gov.pt\/wp-content\/uploads\/2025\/12\/DIREITOS-HUMANOS-EBS-de-VELAS-2025-7-1152x1536.jpeg 1152w, https:\/\/ebsv.edu.azores.gov.pt\/wp-content\/uploads\/2025\/12\/DIREITOS-HUMANOS-EBS-de-VELAS-2025-7-1536x2048.jpeg 1536w, https:\/\/ebsv.edu.azores.gov.pt\/wp-content\/uploads\/2025\/12\/DIREITOS-HUMANOS-EBS-de-VELAS-2025-7-scaled.jpeg 1920w\" sizes=\"auto, (max-width: 768px) 100vw, 768px\" \/><\/figure>\n\n\n\n<figure class=\"wp-block-image size-large\"><img loading=\"lazy\" decoding=\"async\" width=\"838\" height=\"1024\" data-id=\"31374\" src=\"https:\/\/ebsv.edu.azores.gov.pt\/wp-content\/uploads\/2025\/12\/DIREITOS-HUMANOS-EBS-de-VELAS-2025-6-838x1024.jpeg\" alt=\"\" class=\"wp-image-31374\" srcset=\"https:\/\/ebsv.edu.azores.gov.pt\/wp-content\/uploads\/2025\/12\/DIREITOS-HUMANOS-EBS-de-VELAS-2025-6-838x1024.jpeg 838w, https:\/\/ebsv.edu.azores.gov.pt\/wp-content\/uploads\/2025\/12\/DIREITOS-HUMANOS-EBS-de-VELAS-2025-6-246x300.jpeg 246w, https:\/\/ebsv.edu.azores.gov.pt\/wp-content\/uploads\/2025\/12\/DIREITOS-HUMANOS-EBS-de-VELAS-2025-6-768x938.jpeg 768w, https:\/\/ebsv.edu.azores.gov.pt\/wp-content\/uploads\/2025\/12\/DIREITOS-HUMANOS-EBS-de-VELAS-2025-6.jpeg 1202w\" sizes=\"auto, (max-width: 838px) 100vw, 838px\" \/><\/figure>\n\n\n\n<figure class=\"wp-block-image size-large\"><img loading=\"lazy\" decoding=\"async\" width=\"1024\" height=\"731\" data-id=\"31373\" src=\"https:\/\/ebsv.edu.azores.gov.pt\/wp-content\/uploads\/2025\/12\/DIREITOS-HUMANOS-EBS-de-VELAS-2025-5-1024x731.jpeg\" alt=\"\" class=\"wp-image-31373\" srcset=\"https:\/\/ebsv.edu.azores.gov.pt\/wp-content\/uploads\/2025\/12\/DIREITOS-HUMANOS-EBS-de-VELAS-2025-5-1024x731.jpeg 1024w, https:\/\/ebsv.edu.azores.gov.pt\/wp-content\/uploads\/2025\/12\/DIREITOS-HUMANOS-EBS-de-VELAS-2025-5-300x214.jpeg 300w, https:\/\/ebsv.edu.azores.gov.pt\/wp-content\/uploads\/2025\/12\/DIREITOS-HUMANOS-EBS-de-VELAS-2025-5-768x549.jpeg 768w, https:\/\/ebsv.edu.azores.gov.pt\/wp-content\/uploads\/2025\/12\/DIREITOS-HUMANOS-EBS-de-VELAS-2025-5-1536x1097.jpeg 1536w, https:\/\/ebsv.edu.azores.gov.pt\/wp-content\/uploads\/2025\/12\/DIREITOS-HUMANOS-EBS-de-VELAS-2025-5.jpeg 1652w\" sizes=\"auto, (max-width: 1024px) 100vw, 1024px\" \/><\/figure>\n\n\n\n<figure class=\"wp-block-image size-large\"><img loading=\"lazy\" decoding=\"async\" width=\"803\" height=\"1024\" data-id=\"31383\" src=\"https:\/\/ebsv.edu.azores.gov.pt\/wp-content\/uploads\/2025\/12\/DIREITOS-HUMANOS-EBS-de-VELAS-2025-14-803x1024.jpeg\" alt=\"\" class=\"wp-image-31383\" srcset=\"https:\/\/ebsv.edu.azores.gov.pt\/wp-content\/uploads\/2025\/12\/DIREITOS-HUMANOS-EBS-de-VELAS-2025-14-803x1024.jpeg 803w, https:\/\/ebsv.edu.azores.gov.pt\/wp-content\/uploads\/2025\/12\/DIREITOS-HUMANOS-EBS-de-VELAS-2025-14-235x300.jpeg 235w, https:\/\/ebsv.edu.azores.gov.pt\/wp-content\/uploads\/2025\/12\/DIREITOS-HUMANOS-EBS-de-VELAS-2025-14-768x979.jpeg 768w, https:\/\/ebsv.edu.azores.gov.pt\/wp-content\/uploads\/2025\/12\/DIREITOS-HUMANOS-EBS-de-VELAS-2025-14-1205x1536.jpeg 1205w, https:\/\/ebsv.edu.azores.gov.pt\/wp-content\/uploads\/2025\/12\/DIREITOS-HUMANOS-EBS-de-VELAS-2025-14-1606x2048.jpeg 1606w, https:\/\/ebsv.edu.azores.gov.pt\/wp-content\/uploads\/2025\/12\/DIREITOS-HUMANOS-EBS-de-VELAS-2025-14-scaled.jpeg 2008w\" sizes=\"auto, (max-width: 803px) 100vw, 803px\" \/><\/figure>\n\n\n\n<figure class=\"wp-block-image size-large\"><img loading=\"lazy\" decoding=\"async\" width=\"707\" height=\"1024\" data-id=\"31384\" src=\"https:\/\/ebsv.edu.azores.gov.pt\/wp-content\/uploads\/2025\/12\/DIREITOS-HUMANOS-EBS-de-VELAS-2025-15-707x1024.jpeg\" alt=\"\" class=\"wp-image-31384\" srcset=\"https:\/\/ebsv.edu.azores.gov.pt\/wp-content\/uploads\/2025\/12\/DIREITOS-HUMANOS-EBS-de-VELAS-2025-15-707x1024.jpeg 707w, https:\/\/ebsv.edu.azores.gov.pt\/wp-content\/uploads\/2025\/12\/DIREITOS-HUMANOS-EBS-de-VELAS-2025-15-207x300.jpeg 207w, https:\/\/ebsv.edu.azores.gov.pt\/wp-content\/uploads\/2025\/12\/DIREITOS-HUMANOS-EBS-de-VELAS-2025-15-768x1113.jpeg 768w, https:\/\/ebsv.edu.azores.gov.pt\/wp-content\/uploads\/2025\/12\/DIREITOS-HUMANOS-EBS-de-VELAS-2025-15-1060x1536.jpeg 1060w, https:\/\/ebsv.edu.azores.gov.pt\/wp-content\/uploads\/2025\/12\/DIREITOS-HUMANOS-EBS-de-VELAS-2025-15.jpeg 1306w\" sizes=\"auto, (max-width: 707px) 100vw, 707px\" \/><\/figure>\n\n\n\n<figure class=\"wp-block-image size-large\"><img loading=\"lazy\" decoding=\"async\" width=\"715\" height=\"1024\" data-id=\"31385\" src=\"https:\/\/ebsv.edu.azores.gov.pt\/wp-content\/uploads\/2025\/12\/DIREITOS-HUMANOS-EBS-de-VELAS-2025-16-715x1024.jpeg\" alt=\"\" class=\"wp-image-31385\" srcset=\"https:\/\/ebsv.edu.azores.gov.pt\/wp-content\/uploads\/2025\/12\/DIREITOS-HUMANOS-EBS-de-VELAS-2025-16-715x1024.jpeg 715w, https:\/\/ebsv.edu.azores.gov.pt\/wp-content\/uploads\/2025\/12\/DIREITOS-HUMANOS-EBS-de-VELAS-2025-16-209x300.jpeg 209w, https:\/\/ebsv.edu.azores.gov.pt\/wp-content\/uploads\/2025\/12\/DIREITOS-HUMANOS-EBS-de-VELAS-2025-16-768x1100.jpeg 768w, https:\/\/ebsv.edu.azores.gov.pt\/wp-content\/uploads\/2025\/12\/DIREITOS-HUMANOS-EBS-de-VELAS-2025-16-1072x1536.jpeg 1072w, https:\/\/ebsv.edu.azores.gov.pt\/wp-content\/uploads\/2025\/12\/DIREITOS-HUMANOS-EBS-de-VELAS-2025-16-1429x2048.jpeg 1429w, https:\/\/ebsv.edu.azores.gov.pt\/wp-content\/uploads\/2025\/12\/DIREITOS-HUMANOS-EBS-de-VELAS-2025-16-scaled.jpeg 1787w\" sizes=\"auto, (max-width: 715px) 100vw, 715px\" \/><\/figure>\n\n\n\n<figure class=\"wp-block-image size-large\"><img loading=\"lazy\" decoding=\"async\" width=\"768\" height=\"1024\" data-id=\"31387\" src=\"https:\/\/ebsv.edu.azores.gov.pt\/wp-content\/uploads\/2025\/12\/DIREITOS-HUMANOS-EBS-de-VELAS-2025-20-768x1024.jpeg\" alt=\"\" class=\"wp-image-31387\" srcset=\"https:\/\/ebsv.edu.azores.gov.pt\/wp-content\/uploads\/2025\/12\/DIREITOS-HUMANOS-EBS-de-VELAS-2025-20-768x1024.jpeg 768w, https:\/\/ebsv.edu.azores.gov.pt\/wp-content\/uploads\/2025\/12\/DIREITOS-HUMANOS-EBS-de-VELAS-2025-20-225x300.jpeg 225w, https:\/\/ebsv.edu.azores.gov.pt\/wp-content\/uploads\/2025\/12\/DIREITOS-HUMANOS-EBS-de-VELAS-2025-20-1152x1536.jpeg 1152w, https:\/\/ebsv.edu.azores.gov.pt\/wp-content\/uploads\/2025\/12\/DIREITOS-HUMANOS-EBS-de-VELAS-2025-20.jpeg 1200w\" sizes=\"auto, (max-width: 768px) 100vw, 768px\" \/><\/figure>\n\n\n\n<figure class=\"wp-block-image size-large\"><img loading=\"lazy\" decoding=\"async\" width=\"768\" height=\"1024\" data-id=\"31388\" src=\"https:\/\/ebsv.edu.azores.gov.pt\/wp-content\/uploads\/2025\/12\/DIREITOS-HUMANOS-EBS-de-VELAS-2025-1-768x1024.jpeg\" alt=\"\" class=\"wp-image-31388\" srcset=\"https:\/\/ebsv.edu.azores.gov.pt\/wp-content\/uploads\/2025\/12\/DIREITOS-HUMANOS-EBS-de-VELAS-2025-1-768x1024.jpeg 768w, https:\/\/ebsv.edu.azores.gov.pt\/wp-content\/uploads\/2025\/12\/DIREITOS-HUMANOS-EBS-de-VELAS-2025-1-225x300.jpeg 225w, https:\/\/ebsv.edu.azores.gov.pt\/wp-content\/uploads\/2025\/12\/DIREITOS-HUMANOS-EBS-de-VELAS-2025-1-1152x1536.jpeg 1152w, https:\/\/ebsv.edu.azores.gov.pt\/wp-content\/uploads\/2025\/12\/DIREITOS-HUMANOS-EBS-de-VELAS-2025-1.jpeg 1200w\" sizes=\"auto, (max-width: 768px) 100vw, 768px\" \/><\/figure>\n\n\n\n<figure class=\"wp-block-image size-large\"><img loading=\"lazy\" decoding=\"async\" width=\"704\" height=\"1024\" data-id=\"31389\" src=\"https:\/\/ebsv.edu.azores.gov.pt\/wp-content\/uploads\/2025\/12\/DIREITOS-HUMANOS-EBS-de-VELAS-2025-2-704x1024.jpeg\" alt=\"\" class=\"wp-image-31389\" srcset=\"https:\/\/ebsv.edu.azores.gov.pt\/wp-content\/uploads\/2025\/12\/DIREITOS-HUMANOS-EBS-de-VELAS-2025-2-704x1024.jpeg 704w, https:\/\/ebsv.edu.azores.gov.pt\/wp-content\/uploads\/2025\/12\/DIREITOS-HUMANOS-EBS-de-VELAS-2025-2-206x300.jpeg 206w, https:\/\/ebsv.edu.azores.gov.pt\/wp-content\/uploads\/2025\/12\/DIREITOS-HUMANOS-EBS-de-VELAS-2025-2-768x1118.jpeg 768w, https:\/\/ebsv.edu.azores.gov.pt\/wp-content\/uploads\/2025\/12\/DIREITOS-HUMANOS-EBS-de-VELAS-2025-2-1055x1536.jpeg 1055w, https:\/\/ebsv.edu.azores.gov.pt\/wp-content\/uploads\/2025\/12\/DIREITOS-HUMANOS-EBS-de-VELAS-2025-2.jpeg 1177w\" sizes=\"auto, (max-width: 704px) 100vw, 704px\" \/><\/figure>\n\n\n\n<figure class=\"wp-block-image size-large\"><img loading=\"lazy\" decoding=\"async\" width=\"653\" height=\"1024\" data-id=\"31390\" src=\"https:\/\/ebsv.edu.azores.gov.pt\/wp-content\/uploads\/2025\/12\/DIREITOS-HUMANOS-EBS-de-VELAS-2025-3-653x1024.jpeg\" alt=\"\" class=\"wp-image-31390\" srcset=\"https:\/\/ebsv.edu.azores.gov.pt\/wp-content\/uploads\/2025\/12\/DIREITOS-HUMANOS-EBS-de-VELAS-2025-3-653x1024.jpeg 653w, https:\/\/ebsv.edu.azores.gov.pt\/wp-content\/uploads\/2025\/12\/DIREITOS-HUMANOS-EBS-de-VELAS-2025-3-191x300.jpeg 191w, https:\/\/ebsv.edu.azores.gov.pt\/wp-content\/uploads\/2025\/12\/DIREITOS-HUMANOS-EBS-de-VELAS-2025-3-768x1204.jpeg 768w, https:\/\/ebsv.edu.azores.gov.pt\/wp-content\/uploads\/2025\/12\/DIREITOS-HUMANOS-EBS-de-VELAS-2025-3-980x1536.jpeg 980w, https:\/\/ebsv.edu.azores.gov.pt\/wp-content\/uploads\/2025\/12\/DIREITOS-HUMANOS-EBS-de-VELAS-2025-3-1306x2048.jpeg 1306w, https:\/\/ebsv.edu.azores.gov.pt\/wp-content\/uploads\/2025\/12\/DIREITOS-HUMANOS-EBS-de-VELAS-2025-3-scaled.jpeg 1633w\" sizes=\"auto, (max-width: 653px) 100vw, 653px\" \/><\/figure>\n\n\n\n<figure class=\"wp-block-image size-large\"><img loading=\"lazy\" decoding=\"async\" width=\"1024\" height=\"620\" data-id=\"31391\" src=\"https:\/\/ebsv.edu.azores.gov.pt\/wp-content\/uploads\/2025\/12\/DIREITOS-HUMANOS-EBS-de-VELAS-2025-4-1024x620.jpeg\" alt=\"\" class=\"wp-image-31391\" srcset=\"https:\/\/ebsv.edu.azores.gov.pt\/wp-content\/uploads\/2025\/12\/DIREITOS-HUMANOS-EBS-de-VELAS-2025-4-1024x620.jpeg 1024w, https:\/\/ebsv.edu.azores.gov.pt\/wp-content\/uploads\/2025\/12\/DIREITOS-HUMANOS-EBS-de-VELAS-2025-4-300x182.jpeg 300w, https:\/\/ebsv.edu.azores.gov.pt\/wp-content\/uploads\/2025\/12\/DIREITOS-HUMANOS-EBS-de-VELAS-2025-4-768x465.jpeg 768w, https:\/\/ebsv.edu.azores.gov.pt\/wp-content\/uploads\/2025\/12\/DIREITOS-HUMANOS-EBS-de-VELAS-2025-4-1536x930.jpeg 1536w, https:\/\/ebsv.edu.azores.gov.pt\/wp-content\/uploads\/2025\/12\/DIREITOS-HUMANOS-EBS-de-VELAS-2025-4.jpeg 1731w\" sizes=\"auto, (max-width: 1024px) 100vw, 1024px\" \/><\/figure>\n<\/figure>\n\n\n\n<p><\/p>\n","protected":false},"excerpt":{"rendered":"<p>No \u00e2mbito da Cidadania, foi criada a Instala\u00e7\u00e3o Art\u00edstica \u201cDIREITOS HUMANOS\u201d, para assinalar a Declara\u00e7\u00e3o Universal dos Direitos Humanos, adotada e proclamada pela Assembleia Geral das Na\u00e7\u00f5es Unidas (resolu\u00e7\u00e3o 217 A III) a 10 de dezembro 1948. \u2002\u2002\u2002\u2002O trabalho foi elaborado em articula\u00e7\u00e3o interdisciplinar e interciclos, pelos alunos de Artes Visuais do 12\u00ba ano, na<\/p><\/div>\n<div class=\"blog-btn\"><a href=\"https:\/\/ebsv.edu.azores.gov.pt\/?p=31381\" class=\"home-blog-btn\">Ler mais<\/a><\/p>\n","protected":false},"author":4,"featured_media":31386,"comment_status":"closed","ping_status":"open","sticky":false,"template":"","format":"standard","meta":{"_mi_skip_tracking":false,"_monsterinsights_sitenote_active":false,"_monsterinsights_sitenote_note":"","_monsterinsights_sitenote_category":0,"footnotes":""},"categories":[1],"tags":[],"class_list":["post-31381","post","type-post","status-publish","format-standard","has-post-thumbnail","hentry","category-sem-categoria"],"acf":[],"_links":{"self":[{"href":"https:\/\/ebsv.edu.azores.gov.pt\/index.php?rest_route=\/wp\/v2\/posts\/31381","targetHints":{"allow":["GET"]}}],"collection":[{"href":"https:\/\/ebsv.edu.azores.gov.pt\/index.php?rest_route=\/wp\/v2\/posts"}],"about":[{"href":"https:\/\/ebsv.edu.azores.gov.pt\/index.php?rest_route=\/wp\/v2\/types\/post"}],"author":[{"embeddable":true,"href":"https:\/\/ebsv.edu.azores.gov.pt\/index.php?rest_route=\/wp\/v2\/users\/4"}],"replies":[{"embeddable":true,"href":"https:\/\/ebsv.edu.azores.gov.pt\/index.php?rest_route=%2Fwp%2Fv2%2Fcomments&post=31381"}],"version-history":[{"count":1,"href":"https:\/\/ebsv.edu.azores.gov.pt\/index.php?rest_route=\/wp\/v2\/posts\/31381\/revisions"}],"predecessor-version":[{"id":31392,"href":"https:\/\/ebsv.edu.azores.gov.pt\/index.php?rest_route=\/wp\/v2\/posts\/31381\/revisions\/31392"}],"wp:featuredmedia":[{"embeddable":true,"href":"https:\/\/ebsv.edu.azores.gov.pt\/index.php?rest_route=\/wp\/v2\/media\/31386"}],"wp:attachment":[{"href":"https:\/\/ebsv.edu.azores.gov.pt\/index.php?rest_route=%2Fwp%2Fv2%2Fmedia&parent=31381"}],"wp:term":[{"taxonomy":"category","embeddable":true,"href":"https:\/\/ebsv.edu.azores.gov.pt\/index.php?rest_route=%2Fwp%2Fv2%2Fcategories&post=31381"},{"taxonomy":"post_tag","embeddable":true,"href":"https:\/\/ebsv.edu.azores.gov.pt\/index.php?rest_route=%2Fwp%2Fv2%2Ftags&post=31381"}],"curies":[{"name":"wp","href":"https:\/\/api.w.org\/{rel}","templated":true}]}}